{"id":402,"date":"2023-04-25T14:49:42","date_gmt":"2023-04-25T14:49:42","guid":{"rendered":"https:\/\/agencialiderdigital.dev.br\/projetos\/colegio-da-imaculada-conceicao\/?p=402"},"modified":"2023-04-25T14:53:25","modified_gmt":"2023-04-25T14:53:25","slug":"este-e-um-titulo-provisorio-e-ficticio-20","status":"publish","type":"post","link":"https:\/\/agencialiderdigital.dev.br\/projetos\/colegio-da-imaculada-conceicao\/este-e-um-titulo-provisorio-e-ficticio-20\/","title":{"rendered":"ESTE \u00c9 UM T\u00cdTULO PROVIS\u00d3RIO E FICT\u00cdCIO"},"content":{"rendered":"<p>Este \u00e9 um texto meramente fict\u00edcio \u2013 que est\u00e1 sendo usado como demonstrativo do local que seus TEXTOS OFICIAIS ficar\u00e3o. \u00c9 de inteira responsabilidade do cliente que essas \u00e1reas sejam preenchidas com informa\u00e7\u00f5es repassadas ao SETOR DE CRIA\u00c7\u00c3O. Desconsidere o valor dessas informa\u00e7\u00f5es. Lembre-se: o preenchimento dessa \u00e1rea \u00e9 de responsabilidade do cliente.<\/p>\n<p>Este \u00e9 um texto meramente fict\u00edcio \u2013 que est\u00e1 sendo usado como demonstrativo do local que seus TEXTOS OFICIAIS ficar\u00e3o. \u00c9 de inteira responsabilidade do cliente que essas \u00e1reas sejam preenchidas com informa\u00e7\u00f5es repassadas ao SETOR DE CRIA\u00c7\u00c3O. Desconsidere o valor dessas informa\u00e7\u00f5es. Lembre-se: o preenchimento dessa \u00e1rea \u00e9 de responsabilidade do cliente.<\/p>\n","protected":false},"excerpt":{"rendered":"<p>Este \u00e9 um texto meramente fict\u00edcio \u2013 que est\u00e1 sendo usado como demonstrativo do local que seus TEXTOS OFICIAIS ficar\u00e3o. \u00c9 de inteira responsabilidade do cliente que essas \u00e1reas sejam preenchidas com informa\u00e7\u00f5es repassadas ao SETOR DE CRIA\u00c7\u00c3O. Desconsidere o valor dessas informa\u00e7\u00f5es. Lembre-se: o preenchimento dessa \u00e1rea \u00e9 de responsabilidade do cliente. Este \u00e9 [&hellip;]<\/p>\n","protected":false},"author":1,"featured_media":70,"comment_status":"open","ping_status":"open","sticky":false,"template":"","format":"standard","meta":{"_joinchat":[]},"categories":[1],"tags":[],"noticias":[15],"yoast_head":"<!-- This site is optimized with the Yoast SEO plugin v21.0 - https:\/\/yoast.com\/wordpress\/plugins\/seo\/ -->\n<title>ESTE \u00c9 UM T\u00cdTULO PROVIS\u00d3RIO E FICT\u00cdCIO - Col\u00e9gio da Imaculada Concei\u00e7\u00e3o<\/title>\n<meta name=\"robots\" content=\"index, follow, max-snippet:-1, max-image-preview:large, max-video-preview:-1\" \/>\n<link rel=\"canonical\" href=\"https:\/\/agencialiderdigital.dev.br\/projetos\/colegio-da-imaculada-conceicao\/este-e-um-titulo-provisorio-e-ficticio-20\/\" \/>\n<meta property=\"og:locale\" content=\"pt_BR\" \/>\n<meta property=\"og:type\" content=\"article\" \/>\n<meta property=\"og:title\" content=\"ESTE \u00c9 UM T\u00cdTULO PROVIS\u00d3RIO E FICT\u00cdCIO - Col\u00e9gio da Imaculada Concei\u00e7\u00e3o\" \/>\n<meta property=\"og:description\" content=\"Este \u00e9 um texto meramente fict\u00edcio \u2013 que est\u00e1 sendo usado como demonstrativo do local que seus TEXTOS OFICIAIS ficar\u00e3o. \u00c9 de inteira responsabilidade do cliente que essas \u00e1reas sejam preenchidas com informa\u00e7\u00f5es repassadas ao SETOR DE CRIA\u00c7\u00c3O. Desconsidere o valor dessas informa\u00e7\u00f5es. Lembre-se: o preenchimento dessa \u00e1rea \u00e9 de responsabilidade do cliente. Este \u00e9 [&hellip;]\" \/>\n<meta property=\"og:url\" content=\"https:\/\/agencialiderdigital.dev.br\/projetos\/colegio-da-imaculada-conceicao\/este-e-um-titulo-provisorio-e-ficticio-20\/\" \/>\n<meta property=\"og:site_name\" content=\"Col\u00e9gio da Imaculada Concei\u00e7\u00e3o\" \/>\n<meta property=\"article:published_time\" content=\"2023-04-25T14:49:42+00:00\" \/>\n<meta property=\"article:modified_time\" content=\"2023-04-25T14:53:25+00:00\" \/>\n<meta property=\"og:image\" content=\"https:\/\/agencialiderdigital.dev.br\/projetos\/colegio-da-imaculada-conceicao\/wp-content\/uploads\/2023\/04\/think-outside-box-school-green-blackboard.webp\" \/>\n\t<meta property=\"og:image:width\" content=\"350\" \/>\n\t<meta property=\"og:image:height\" content=\"294\" \/>\n\t<meta property=\"og:image:type\" content=\"image\/webp\" \/>\n<meta name=\"author\" content=\"liderdigital\" \/>\n<meta name=\"twitter:card\" content=\"summary_large_image\" \/>\n<meta name=\"twitter:label1\" content=\"Escrito por\" \/>\n\t<meta name=\"twitter:data1\" content=\"liderdigital\" \/>\n\t<meta name=\"twitter:label2\" content=\"Est. tempo de leitura\" \/>\n\t<meta name=\"twitter:data2\" content=\"1 minuto\" \/>\n<script type=\"application\/ld+json\" class=\"yoast-schema-graph\">{\"@context\":\"https:\/\/schema.org\",\"@graph\":[{\"@type\":\"WebPage\",\"@id\":\"https:\/\/agencialiderdigital.dev.br\/projetos\/colegio-da-imaculada-conceicao\/este-e-um-titulo-provisorio-e-ficticio-20\/\",\"url\":\"https:\/\/agencialiderdigital.dev.br\/projetos\/colegio-da-imaculada-conceicao\/este-e-um-titulo-provisorio-e-ficticio-20\/\",\"name\":\"ESTE \u00c9 UM T\u00cdTULO PROVIS\u00d3RIO E FICT\u00cdCIO - Col\u00e9gio da Imaculada Concei\u00e7\u00e3o\",\"isPartOf\":{\"@id\":\"https:\/\/agencialiderdigital.dev.br\/projetos\/colegio-da-imaculada-conceicao\/#website\"},\"datePublished\":\"2023-04-25T14:49:42+00:00\",\"dateModified\":\"2023-04-25T14:53:25+00:00\",\"author\":{\"@id\":\"https:\/\/agencialiderdigital.dev.br\/projetos\/colegio-da-imaculada-conceicao\/#\/schema\/person\/e89fa3ac1eddbb4341f2edc13ac800f9\"},\"breadcrumb\":{\"@id\":\"https:\/\/agencialiderdigital.dev.br\/projetos\/colegio-da-imaculada-conceicao\/este-e-um-titulo-provisorio-e-ficticio-20\/#breadcrumb\"},\"inLanguage\":\"pt-BR\",\"potentialAction\":[{\"@type\":\"ReadAction\",\"target\":[\"https:\/\/agencialiderdigital.dev.br\/projetos\/colegio-da-imaculada-conceicao\/este-e-um-titulo-provisorio-e-ficticio-20\/\"]}]},{\"@type\":\"BreadcrumbList\",\"@id\":\"https:\/\/agencialiderdigital.dev.br\/projetos\/colegio-da-imaculada-conceicao\/este-e-um-titulo-provisorio-e-ficticio-20\/#breadcrumb\",\"itemListElement\":[{\"@type\":\"ListItem\",\"position\":1,\"name\":\"Home\",\"item\":\"https:\/\/agencialiderdigital.dev.br\/projetos\/colegio-da-imaculada-conceicao\/\"},{\"@type\":\"ListItem\",\"position\":2,\"name\":\"ESTE \u00c9 UM T\u00cdTULO PROVIS\u00d3RIO E FICT\u00cdCIO\"}]},{\"@type\":\"WebSite\",\"@id\":\"https:\/\/agencialiderdigital.dev.br\/projetos\/colegio-da-imaculada-conceicao\/#website\",\"url\":\"https:\/\/agencialiderdigital.dev.br\/projetos\/colegio-da-imaculada-conceicao\/\",\"name\":\"Col\u00e9gio da Imaculada Concei\u00e7\u00e3o\",\"description\":\"Col&eacute;gio da Imaculada Concei&ccedil;&atilde;o\",\"potentialAction\":[{\"@type\":\"SearchAction\",\"target\":{\"@type\":\"EntryPoint\",\"urlTemplate\":\"https:\/\/agencialiderdigital.dev.br\/projetos\/colegio-da-imaculada-conceicao\/?s={search_term_string}\"},\"query-input\":\"required name=search_term_string\"}],\"inLanguage\":\"pt-BR\"},{\"@type\":\"Person\",\"@id\":\"https:\/\/agencialiderdigital.dev.br\/projetos\/colegio-da-imaculada-conceicao\/#\/schema\/person\/e89fa3ac1eddbb4341f2edc13ac800f9\",\"name\":\"liderdigital\",\"image\":{\"@type\":\"ImageObject\",\"inLanguage\":\"pt-BR\",\"@id\":\"https:\/\/agencialiderdigital.dev.br\/projetos\/colegio-da-imaculada-conceicao\/#\/schema\/person\/image\/\",\"url\":\"https:\/\/secure.gravatar.com\/avatar\/81f201b83e0d22d433e6b9e536695f71?s=96&d=mm&r=g\",\"contentUrl\":\"https:\/\/secure.gravatar.com\/avatar\/81f201b83e0d22d433e6b9e536695f71?s=96&d=mm&r=g\",\"caption\":\"liderdigital\"},\"sameAs\":[\"https:\/\/agencialiderdigital.dev.br\/projetos\/colegio-da-imaculada-conceicao\"],\"url\":\"https:\/\/agencialiderdigital.dev.br\/projetos\/colegio-da-imaculada-conceicao\/author\/liderdigital\/\"}]}<\/script>\n<!-- \/ Yoast SEO plugin. -->","yoast_head_json":{"title":"ESTE \u00c9 UM T\u00cdTULO PROVIS\u00d3RIO E FICT\u00cdCIO - Col\u00e9gio da Imaculada Concei\u00e7\u00e3o","robots":{"index":"index","follow":"follow","max-snippet":"max-snippet:-1","max-image-preview":"max-image-preview:large","max-video-preview":"max-video-preview:-1"},"canonical":"https:\/\/agencialiderdigital.dev.br\/projetos\/colegio-da-imaculada-conceicao\/este-e-um-titulo-provisorio-e-ficticio-20\/","og_locale":"pt_BR","og_type":"article","og_title":"ESTE \u00c9 UM T\u00cdTULO PROVIS\u00d3RIO E FICT\u00cdCIO - Col\u00e9gio da Imaculada Concei\u00e7\u00e3o","og_description":"Este \u00e9 um texto meramente fict\u00edcio \u2013 que est\u00e1 sendo usado como demonstrativo do local que seus TEXTOS OFICIAIS ficar\u00e3o. \u00c9 de inteira responsabilidade do cliente que essas \u00e1reas sejam preenchidas com informa\u00e7\u00f5es repassadas ao SETOR DE CRIA\u00c7\u00c3O. Desconsidere o valor dessas informa\u00e7\u00f5es. Lembre-se: o preenchimento dessa \u00e1rea \u00e9 de responsabilidade do cliente. Este \u00e9 [&hellip;]","og_url":"https:\/\/agencialiderdigital.dev.br\/projetos\/colegio-da-imaculada-conceicao\/este-e-um-titulo-provisorio-e-ficticio-20\/","og_site_name":"Col\u00e9gio da Imaculada Concei\u00e7\u00e3o","article_published_time":"2023-04-25T14:49:42+00:00","article_modified_time":"2023-04-25T14:53:25+00:00","og_image":[{"width":350,"height":294,"url":"https:\/\/agencialiderdigital.dev.br\/projetos\/colegio-da-imaculada-conceicao\/wp-content\/uploads\/2023\/04\/think-outside-box-school-green-blackboard.webp","type":"image\/webp"}],"author":"liderdigital","twitter_card":"summary_large_image","twitter_misc":{"Escrito por":"liderdigital","Est. tempo de leitura":"1 minuto"},"schema":{"@context":"https:\/\/schema.org","@graph":[{"@type":"WebPage","@id":"https:\/\/agencialiderdigital.dev.br\/projetos\/colegio-da-imaculada-conceicao\/este-e-um-titulo-provisorio-e-ficticio-20\/","url":"https:\/\/agencialiderdigital.dev.br\/projetos\/colegio-da-imaculada-conceicao\/este-e-um-titulo-provisorio-e-ficticio-20\/","name":"ESTE \u00c9 UM T\u00cdTULO PROVIS\u00d3RIO E FICT\u00cdCIO - Col\u00e9gio da Imaculada Concei\u00e7\u00e3o","isPartOf":{"@id":"https:\/\/agencialiderdigital.dev.br\/projetos\/colegio-da-imaculada-conceicao\/#website"},"datePublished":"2023-04-25T14:49:42+00:00","dateModified":"2023-04-25T14:53:25+00:00","author":{"@id":"https:\/\/agencialiderdigital.dev.br\/projetos\/colegio-da-imaculada-conceicao\/#\/schema\/person\/e89fa3ac1eddbb4341f2edc13ac800f9"},"breadcrumb":{"@id":"https:\/\/agencialiderdigital.dev.br\/projetos\/colegio-da-imaculada-conceicao\/este-e-um-titulo-provisorio-e-ficticio-20\/#breadcrumb"},"inLanguage":"pt-BR","potentialAction":[{"@type":"ReadAction","target":["https:\/\/agencialiderdigital.dev.br\/projetos\/colegio-da-imaculada-conceicao\/este-e-um-titulo-provisorio-e-ficticio-20\/"]}]},{"@type":"BreadcrumbList","@id":"https:\/\/agencialiderdigital.dev.br\/projetos\/colegio-da-imaculada-conceicao\/este-e-um-titulo-provisorio-e-ficticio-20\/#breadcrumb","itemListElement":[{"@type":"ListItem","position":1,"name":"Home","item":"https:\/\/agencialiderdigital.dev.br\/projetos\/colegio-da-imaculada-conceicao\/"},{"@type":"ListItem","position":2,"name":"ESTE \u00c9 UM T\u00cdTULO PROVIS\u00d3RIO E FICT\u00cdCIO"}]},{"@type":"WebSite","@id":"https:\/\/agencialiderdigital.dev.br\/projetos\/colegio-da-imaculada-conceicao\/#website","url":"https:\/\/agencialiderdigital.dev.br\/projetos\/colegio-da-imaculada-conceicao\/","name":"Col\u00e9gio da Imaculada Concei\u00e7\u00e3o","description":"Col&eacute;gio da Imaculada Concei&ccedil;&atilde;o","potentialAction":[{"@type":"SearchAction","target":{"@type":"EntryPoint","urlTemplate":"https:\/\/agencialiderdigital.dev.br\/projetos\/colegio-da-imaculada-conceicao\/?s={search_term_string}"},"query-input":"required name=search_term_string"}],"inLanguage":"pt-BR"},{"@type":"Person","@id":"https:\/\/agencialiderdigital.dev.br\/projetos\/colegio-da-imaculada-conceicao\/#\/schema\/person\/e89fa3ac1eddbb4341f2edc13ac800f9","name":"liderdigital","image":{"@type":"ImageObject","inLanguage":"pt-BR","@id":"https:\/\/agencialiderdigital.dev.br\/projetos\/colegio-da-imaculada-conceicao\/#\/schema\/person\/image\/","url":"https:\/\/secure.gravatar.com\/avatar\/81f201b83e0d22d433e6b9e536695f71?s=96&d=mm&r=g","contentUrl":"https:\/\/secure.gravatar.com\/avatar\/81f201b83e0d22d433e6b9e536695f71?s=96&d=mm&r=g","caption":"liderdigital"},"sameAs":["https:\/\/agencialiderdigital.dev.br\/projetos\/colegio-da-imaculada-conceicao"],"url":"https:\/\/agencialiderdigital.dev.br\/projetos\/colegio-da-imaculada-conceicao\/author\/liderdigital\/"}]}},"_links":{"self":[{"href":"https:\/\/agencialiderdigital.dev.br\/projetos\/colegio-da-imaculada-conceicao\/wp-json\/wp\/v2\/posts\/402"}],"collection":[{"href":"https:\/\/agencialiderdigital.dev.br\/projetos\/colegio-da-imaculada-conceicao\/wp-json\/wp\/v2\/posts"}],"about":[{"href":"https:\/\/agencialiderdigital.dev.br\/projetos\/colegio-da-imaculada-conceicao\/wp-json\/wp\/v2\/types\/post"}],"author":[{"embeddable":true,"href":"https:\/\/agencialiderdigital.dev.br\/projetos\/colegio-da-imaculada-conceicao\/wp-json\/wp\/v2\/users\/1"}],"replies":[{"embeddable":true,"href":"https:\/\/agencialiderdigital.dev.br\/projetos\/colegio-da-imaculada-conceicao\/wp-json\/wp\/v2\/comments?post=402"}],"version-history":[{"count":1,"href":"https:\/\/agencialiderdigital.dev.br\/projetos\/colegio-da-imaculada-conceicao\/wp-json\/wp\/v2\/posts\/402\/revisions"}],"predecessor-version":[{"id":439,"href":"https:\/\/agencialiderdigital.dev.br\/projetos\/colegio-da-imaculada-conceicao\/wp-json\/wp\/v2\/posts\/402\/revisions\/439"}],"wp:featuredmedia":[{"embeddable":true,"href":"https:\/\/agencialiderdigital.dev.br\/projetos\/colegio-da-imaculada-conceicao\/wp-json\/wp\/v2\/media\/70"}],"wp:attachment":[{"href":"https:\/\/agencialiderdigital.dev.br\/projetos\/colegio-da-imaculada-conceicao\/wp-json\/wp\/v2\/media?parent=402"}],"wp:term":[{"taxonomy":"category","embeddable":true,"href":"https:\/\/agencialiderdigital.dev.br\/projetos\/colegio-da-imaculada-conceicao\/wp-json\/wp\/v2\/categories?post=402"},{"taxonomy":"post_tag","embeddable":true,"href":"https:\/\/agencialiderdigital.dev.br\/projetos\/colegio-da-imaculada-conceicao\/wp-json\/wp\/v2\/tags?post=402"},{"taxonomy":"noticias","embeddable":true,"href":"https:\/\/agencialiderdigital.dev.br\/projetos\/colegio-da-imaculada-conceicao\/wp-json\/wp\/v2\/noticias?post=402"}],"curies":[{"name":"wp","href":"https:\/\/api.w.org\/{rel}","templated":true}]}}